{"id":2508,"date":"2023-06-30T17:56:55","date_gmt":"2023-06-30T15:56:55","guid":{"rendered":"https:\/\/vadedades.umh.es\/2023\/06\/30\/fase-nacional-2023-en-zaragoza\/"},"modified":"2024-09-18T18:23:52","modified_gmt":"2024-09-18T16:23:52","slug":"fase-nacional-2023-en-zaragoza","status":"publish","type":"post","link":"https:\/\/vadedades.umh.es\/ca\/2023\/06\/30\/fase-nacional-2023-en-zaragoza\/","title":{"rendered":"Fase nacional 2023 en Zaragoza"},"content":{"rendered":"<p>[et_pb_section fb_built=&#8221;1&#8243; _builder_version=&#8221;4.17.4&#8243; _module_preset=&#8221;default&#8221; background_enable_color=&#8221;off&#8221; background_enable_image=&#8221;off&#8221; background_size=&#8221;contain&#8221; background_position=&#8221;top_center&#8221; background_repeat=&#8221;repeat-y&#8221; custom_margin=&#8221;-43px|||||&#8221; global_colors_info=&#8221;{}&#8221;][et_pb_row _builder_version=&#8221;4.17.4&#8243; _module_preset=&#8221;default&#8221; background_enable_image=&#8221;off&#8221; global_colors_info=&#8221;{}&#8221;][et_pb_column type=&#8221;4_4&#8243; _builder_version=&#8221;4.17.4&#8243; _module_preset=&#8221;default&#8221; global_colors_info=&#8221;{}&#8221;][et_pb_text _builder_version=&#8221;4.17.4&#8243; _module_preset=&#8221;default&#8221; background_enable_image=&#8221;off&#8221; global_colors_info=&#8221;{}&#8221;]<\/p>\n<p>Entre los d\u00edas 27 y 29 de junio de 2023 se ha celebrado la fase nacional del Concurso Incubadora de Sondeos y Experimentos de la SEIO, organizada este a\u00f1o por el Departamento de M\u00e9todos Estad\u00edsticos de la Universidad de Zaragoza. All\u00ed acudimos con nuestros ganadores en la fase local en la Comunitat Valenciana, en el concurso Va De Dades! 2023, junto con sus tutores.<br \/>La calidad de los trabajos presentados fue excelente, disfrutamos much\u00edsimo escuchando y aprendiendo de nuestros futuros profesionales, y viviendo el calor con el que nos recibi\u00f3 la ciudad y los organizadores, que cumplieron excelentemente como anfitriones del evento.<\/p>\n<p>Finalmente en la categor\u00eda B result\u00f3 premiada nuestra representante, Eva Alberola, del IES San Vicente Ferrer de Valencia, que defendi\u00f3 excelentemente su trabajo &#8220;Soledad&#8221;. Recogi\u00f3 el premio junto con su tutor Daniel Murillo.\u00a0<\/p>\n<p>[\/et_pb_text][et_pb_gallery gallery_ids=&#8221;2463,2469,2475,2481,2487&#8243; _builder_version=&#8221;4.17.4&#8243; _module_preset=&#8221;default&#8221; title_text_color=&#8221;#FFFFFF&#8221; title_font_size=&#8221;1px&#8221; caption_text_color=&#8221;#FFFFFF&#8221; caption_font_size=&#8221;1px&#8221; background_enable_image=&#8221;off&#8221; animation_style=&#8221;slide&#8221; global_colors_info=&#8221;{}&#8221;][\/et_pb_gallery][\/et_pb_column][\/et_pb_row][\/et_pb_section]<\/p>\n","protected":false},"excerpt":{"rendered":"<p>Acudim a Saragossa amb els nostres guanyadors i guanyadores del Va De Dades!, i vam tornar amb la guanyadora nacional en la categoria B, Eva Alberola, de l&#8217;IES Sant Vicent Ferrer. No es pot demanar m\u00e9s a la primera participaci\u00f3 del Va De Dades!<\/p>\n","protected":false},"author":191,"featured_media":2496,"comment_status":"closed","ping_status":"open","sticky":false,"template":"","format":"standard","meta":{"_et_pb_use_builder":"on","_et_pb_old_content":"","_et_gb_content_width":"","_links_to":"","_links_to_target":""},"categories":[985884],"tags":[],"_links":{"self":[{"href":"https:\/\/vadedades.umh.es\/ca\/wp-json\/wp\/v2\/posts\/2508"}],"collection":[{"href":"https:\/\/vadedades.umh.es\/ca\/wp-json\/wp\/v2\/posts"}],"about":[{"href":"https:\/\/vadedades.umh.es\/ca\/wp-json\/wp\/v2\/types\/post"}],"author":[{"embeddable":true,"href":"https:\/\/vadedades.umh.es\/ca\/wp-json\/wp\/v2\/users\/191"}],"replies":[{"embeddable":true,"href":"https:\/\/vadedades.umh.es\/ca\/wp-json\/wp\/v2\/comments?post=2508"}],"version-history":[{"count":0,"href":"https:\/\/vadedades.umh.es\/ca\/wp-json\/wp\/v2\/posts\/2508\/revisions"}],"wp:featuredmedia":[{"embeddable":true,"href":"https:\/\/vadedades.umh.es\/ca\/wp-json\/wp\/v2\/media\/2496"}],"wp:attachment":[{"href":"https:\/\/vadedades.umh.es\/ca\/wp-json\/wp\/v2\/media?parent=2508"}],"wp:term":[{"taxonomy":"category","embeddable":true,"href":"https:\/\/vadedades.umh.es\/ca\/wp-json\/wp\/v2\/categories?post=2508"},{"taxonomy":"post_tag","embeddable":true,"href":"https:\/\/vadedades.umh.es\/ca\/wp-json\/wp\/v2\/tags?post=2508"}],"curies":[{"name":"wp","href":"https:\/\/api.w.org\/{rel}","templated":true}]}}